[{"@context":"https:\/\/schema.org\/","@type":"Article","@id":"https:\/\/www.mojles.sk\/zahrejte-sa-vestou-z-ovcej-vlny\/#Article","mainEntityOfPage":"https:\/\/www.mojles.sk\/zahrejte-sa-vestou-z-ovcej-vlny\/","headline":"Zahrejte sa vestou z ov\u010dej vlny!","name":"Zahrejte sa vestou z ov\u010dej vlny!","description":"Vesty s\u00fa posledn\u00e9 roky mimoriadne ob\u013e\u00faben\u00fdm k\u00faskom oble\u010denia. A ak ide o vesty z ov\u010dej vlny, plat\u00ed to dvojn\u00e1sobne. M\u00e1te vo svojom \u0161atn\u00edku tento hrejiv\u00fd k\u00fasok oble\u010denia aj vy? Patr\u00edte k \u013eu\u010fom, ktor\u00fdm je po\u010das zimn\u00e9ho obdobia neust\u00e1le zima? S\u00fa \u013eudia, ktor\u00ed maj\u00fa pomal\u0161\u00ed krvn\u00fd obeh a skuto\u010dne poci\u0165uj\u00fa neust\u00e1le zimu. Ak patr\u00edte k tak\u00fdmto [&hellip;]","datePublished":"2025-06-01","dateModified":"2025-06-01","author":{"@type":"Person","@id":"https:\/\/www.mojles.sk\/author\/#Person","name":"","url":"https:\/\/www.mojles.sk\/author\/","identifier":1,"image":{"@type":"ImageObject","@id":"https:\/\/secure.gravatar.com\/avatar\/d89f66f31d15c86aaa67b2d500e11b783534f791bc2a93dd89895a03d043c162?s=96&d=mm&r=g","url":"https:\/\/secure.gravatar.com\/avatar\/d89f66f31d15c86aaa67b2d500e11b783534f791bc2a93dd89895a03d043c162?s=96&d=mm&r=g","height":96,"width":96}},"publisher":{"@type":"Organization","name":"mojles.sk","logo":{"@type":"ImageObject","@id":"\/logo.png","url":"\/logo.png","width":600,"height":60}},"image":{"@type":"ImageObject","@id":"https:\/\/www.mojles.sk\/wp-content\/uploads\/knit-992379_640_1.jpg","url":"https:\/\/www.mojles.sk\/wp-content\/uploads\/knit-992379_640_1.jpg","height":0,"width":0},"url":"https:\/\/www.mojles.sk\/zahrejte-sa-vestou-z-ovcej-vlny\/","about":["N\u00e1kupy"],"wordCount":400,"articleBody":"   Vesty s\u00fa posledn\u00e9 roky mimoriadne ob\u013e\u00faben\u00fdm k\u00faskom oble\u010denia. A ak ide o vesty z ov\u010dej vlny, plat\u00ed to dvojn\u00e1sobne. M\u00e1te vo svojom \u0161atn\u00edku tento hrejiv\u00fd k\u00fasok oble\u010denia aj vy? Patr\u00edte k \u013eu\u010fom, ktor\u00fdm je po\u010das zimn\u00e9ho obdobia neust\u00e1le zima? S\u00fa \u013eudia, ktor\u00ed maj\u00fa pomal\u0161\u00ed krvn\u00fd obeh a skuto\u010dne poci\u0165uj\u00fa neust\u00e1le zimu. Ak patr\u00edte k tak\u00fdmto \u013eu\u010fom, ur\u010dite by malo by\u0165 pre v\u00e1s prvorad\u00e9 myslie\u0165 na kvalitu oble\u010denia, ktor\u00e9 nos\u00edte. \u010castokr\u00e1t sa posledn\u00e9 roky stret\u00e1vame s oble\u010den\u00edm aj v pr\u00edpade svetrov \u010di mik\u00edn, ktor\u00e9 s\u00fa vyroben\u00e9 z umel\u00fdch vl\u00e1kien najm\u00e4 polyesteru. M\u00f4\u017ee v\u00e1s tak\u00e9to oble\u010denie zahria\u0165? Ur\u010dite nie. Umel\u00e9 materi\u00e1ly nedok\u00e1\u017eu \u010dloveka dostato\u010dne zohria\u0165 po\u010das zimn\u00e9ho obdobia. Pre\u010do sa teda nevr\u00e1ti\u0165 k tradi\u010dn\u00fdm materi\u00e1lom ako napr\u00edklad ov\u010dia vlna? Produkty z ov\u010dej vlny s\u00fa skuto\u010dne mimoriadne hrejiv\u00e9. A vesta z ov\u010dej vlny v\u00e1m poskytne pr\u00edjemn\u00e9 chv\u00edle aj po\u010das chladn\u00fdch noc\u00ed. Hrejiv\u00e9, pr\u00edjemn\u00e9, ekologick\u00e9, presne tak\u00e9 s\u00fa produkty z ov\u010dej vlny. Vesty s\u00fa mimoriadne funk\u010dn\u00e9, ale tie\u017e modern\u00e9. Prevedenie dne\u0161n\u00fdch viest sp\u00e1jaj\u00fa tradi\u010dn\u00fd vzh\u013ead slovensk\u00fdch v\u00fdrobkov a takisto modern\u00e9 prevedenie tradi\u010dn\u00e9ho oble\u010denia. Vesty z ov\u010dej vlny m\u00f4\u017eete vyu\u017e\u00edva\u0165 v dom\u00e1cnosti, ale tie\u017e na ka\u017edodenn\u00e9 nosenie do pr\u00edrody \u010di mesta. Vesty z ov\u010dej vlny s\u00fa mimoriadne ob\u013e\u00faben\u00fd v\u00fdrobok najm\u00e4 pre star\u00fdch rodi\u010dov. Aj va\u0161a babka \u010di dedko neust\u00e1le chodia po dome oble\u010den\u00fd v star\u00fdch vest\u00e1ch \u010di pono\u017ek\u00e1ch? Doprajete im hrejiv\u00fa a modern\u00fa vestu z ov\u010dej vlny z koze.sk. Vesty z ov\u010dej vlny pre deti? Na koze.sk n\u00e1jdete takisto tak\u00fdto druh v\u00fdrobkov. Milujete Slovensko a chcete vies\u0165 rovnak\u00fdm smerom aj va\u0161e deti? Ur\u010dite by v ich v \u0161atn\u00edku nemala ch\u00fdba\u0165 pr\u00e1ve tradi\u010dn\u00e1 a \u0161t\u00fdlov\u00e1 vesta z ov\u010dej vlny, ktor\u00fa si ur\u010dite zamiluj\u00fa. Vesty z ov\u010dej vlny, pono\u017eky, merino deky a \u010fal\u0161ie kvalitn\u00e9 merino v\u00fdrobky n\u00e1jdete na internetovej str\u00e1nke koze.sk.                                                                                                                                                                                                                                                                                                                                                                                          3.9\/5 - (14 votes)        "},{"@context":"https:\/\/schema.org\/","@type":"BreadcrumbList","itemListElement":[{"@type":"ListItem","position":1,"name":"Zahrejte sa vestou z ov\u010dej vlny!","item":"https:\/\/www.mojles.sk\/zahrejte-sa-vestou-z-ovcej-vlny\/#breadcrumbitem"}]}]